
{"id":15719,"date":"2024-02-22T12:32:33","date_gmt":"2024-02-22T12:32:33","guid":{"rendered":"https:\/\/caaf.it\/?p=15719"},"modified":"2024-02-22T12:42:40","modified_gmt":"2024-02-22T12:42:40","slug":"solidarieta-unambulanza-per-netteboulou-senegal","status":"publish","type":"post","link":"https:\/\/caaf.it\/de\/2024\/02\/solidarieta-unambulanza-per-netteboulou-senegal\/","title":{"rendered":"Solidariet\u00e0: un&#8217;ambulanza per Netteboulou (Senegal)"},"content":{"rendered":"<section class=\"wpb-content-wrapper\"><p>[vc_row][vc_column][vc_column_text]Il Caaf Cgil NordEst, con la societ\u00e0 di Bolzano, ha donato un\u2019ambulanza al Comune di Netteboulou in Senegal. L\u2019iniziativa rientra tra le attivit\u00e0 di solidariet\u00e0 in cui si impegna da anni il Caaf NordEst, assieme alle sue 10 societ\u00e0 del Veneto, del Friuli Venezia Giulia, del Trentino e dell\u2019Alto Adige.<\/p>\n<p>L\u2019iniziativa in Senegal \u00e8 stata organizzata in sinergia con l\u2019associazione Trait d\u2019Union di Merano. L\u2019ambulanza \u00e8 stata acquistata nel novembre del 2023 e inviata in nave in Senegal, dove \u00e8 giunta a Dakar da pochi giorni. La richiesta \u00e8 stata avanzata da <strong>Diaby Bassamba<\/strong> un operaio senegalese che lavora in Alto Adige da parecchi anni, che ha riscontrato come vi fosse la necessit\u00e0 di un\u2019ambulanza per il trasporto in ospedale delle persone che non possono ricevere assistenza nel distretto sanitario del comune di Netteboulou: \u201cNon di rado si verificano casi di decesso, vista la grande distanza dall\u2019ospedale. Il Comune \u00e8 composto da una sessantina di villaggi, gli abitanti sono numerosi, circa 500mila e la regione di Tambacounda \u00e8 fra le pi\u00f9 povere del mio paese\u201d.<\/p>\n<p>In rappresentanza del Caaf NordEst l\u2019amministratore delegato del Caaf Cgil\/Agb,<strong> Marco Pirolo<\/strong>, in presenza di Bassamba, ha consegnato al sindaco di Netteboulou, Issa Signate, le chiavi dell\u2019ambulanza. Presenti all\u2019evento anche il governatore della regione di Tambacounda, <strong>Omar Bald\u00e9<\/strong>, il prefetto <strong>Alioune Badara Mbengue<\/strong> e il capo medico dell&#8217;ospedale regionale di Tambacounda e alcuni capi villaggio della regione. Come ribadito in occasione della cerimonia di consegna dell\u2019ambulanza si \u00e8 trattato di un piccolo atto che, per\u00f2, salver\u00e0 tante vite. \u201cEssere solidali \u2013 ha detto Pirolo \u2013 verso chi ha meno costa poco, visto che quest\u2019ambulanza, come tutte le altre iniziative, \u00e8 il frutto di una donazione spontanea di quanti hanno fatto il Modello 730 con 50 centesimi, a cui le nostre societ\u00e0 hanno aggiunto un pari importo\u201d.<\/p>\n<p><strong>Solidariet\u00e0<\/strong> &#8211; La solidariet\u00e0 del Caaf ha permesso in oltre 25 anni una serie di progetti tra cui: ambulatori medici, ospedali, asili, case per le donne, campagne di vaccinazione, corsi di formazione, aiuti per lo sviluppo dell\u2019economia rurale e cisterne per la raccolta dell\u2019acqua piovana. Le prime iniziative sono state realizzate a Mostar in Bosnia, poi in Serbia, Afganistan, Palestina, Argentina, Cuba, India, Uganda, Costa d\u2019Avorio, Mali, Togo ed Etiopia. Ma anche in Italia: a Trento per la mensa dei frati Cappuccini, a Rovigo con l\u2019associazione Nihal, a Padova con il Centro donne, a Vicenza con l\u2019Ipab, all\u2019Aquila, interventi a favore dell\u2019Auser triveneto, in Val Granda e Casada nel Comelico per il risanamento del bosco colpito da Vaia. Le iniziative sono state effettuate dal Caaf, anche in collaborazione con associazioni nazionali e internazionali. La spesa complessiva \u00e8 stata di oltre 2.600.000 euro, in alcuni casi con il contributo della Provincia di Bolzano, di Trento, di Treviso e della Regione Veneto.[\/vc_column_text][\/vc_column][\/vc_row][vc_row][vc_column][vc_gallery interval=&#8220;3&#8243; images=&#8220;15695,15703,15707,15699&#8243; img_size=&#8220;full&#8220;][\/vc_column][\/vc_row]<\/p>\n<\/section>","protected":false},"excerpt":{"rendered":"<p>[vc_row][vc_column][vc_column_text]Il Caaf Cgil NordEst, con la societ\u00e0 di Bolzano, ha donato un\u2019ambulanza al Comune di Netteboulou in Senegal. L\u2019iniziativa rientra tra le attivit\u00e0 di solidariet\u00e0 in cui si impegna da anni il Caaf NordEst, assieme alle sue 10 societ\u00e0 del Veneto, del Friuli Venezia Giulia, del Trentino e dell\u2019Alto Adige. L\u2019iniziativa in Senegal \u00e8 stata [&hellip;]<\/p>\n","protected":false},"author":16,"featured_media":15723,"comment_status":"closed","ping_status":"closed","sticky":false,"template":"","format":"standard","meta":[],"categories":[159],"tags":[],"acf":[],"yoast_head":"<!-- This site is optimized with the Yoast SEO plugin v20.3 - https:\/\/yoast.com\/wordpress\/plugins\/seo\/ -->\n<title>Solidariet\u00e0: un&#039;ambulanza per Netteboulou (Senegal) - CAAF Nordest<\/title>\n<meta name=\"robots\" content=\"index, follow, max-snippet:-1, max-image-preview:large, max-video-preview:-1\" \/>\n<link rel=\"canonical\" href=\"https:\/\/caaf.it\/de\/2024\/02\/solidarieta-unambulanza-per-netteboulou-senegal\/\" \/>\n<meta property=\"og:locale\" content=\"de_DE\" \/>\n<meta property=\"og:type\" content=\"article\" \/>\n<meta property=\"og:title\" content=\"Solidariet\u00e0: un&#039;ambulanza per Netteboulou (Senegal) - CAAF Nordest\" \/>\n<meta property=\"og:description\" content=\"[vc_row][vc_column][vc_column_text]Il Caaf Cgil NordEst, con la societ\u00e0 di Bolzano, ha donato un\u2019ambulanza al Comune di Netteboulou in Senegal. L\u2019iniziativa rientra tra le attivit\u00e0 di solidariet\u00e0 in cui si impegna da anni il Caaf NordEst, assieme alle sue 10 societ\u00e0 del Veneto, del Friuli Venezia Giulia, del Trentino e dell\u2019Alto Adige. L\u2019iniziativa in Senegal \u00e8 stata [&hellip;]\" \/>\n<meta property=\"og:url\" content=\"https:\/\/caaf.it\/de\/2024\/02\/solidarieta-unambulanza-per-netteboulou-senegal\/\" \/>\n<meta property=\"og:site_name\" content=\"CAAF Nordest\" \/>\n<meta property=\"article:publisher\" content=\"https:\/\/www.facebook.com\/caafcgilnordest\/\" \/>\n<meta property=\"article:published_time\" content=\"2024-02-22T12:32:33+00:00\" \/>\n<meta property=\"article:modified_time\" content=\"2024-02-22T12:42:40+00:00\" \/>\n<meta property=\"og:image\" content=\"https:\/\/caaf.it\/wp-content\/uploads\/2024\/02\/PHOTO-2024-02-20-16-10-50.jpg\" \/>\n\t<meta property=\"og:image:width\" content=\"1080\" \/>\n\t<meta property=\"og:image:height\" content=\"720\" \/>\n\t<meta property=\"og:image:type\" content=\"image\/jpeg\" \/>\n<meta name=\"author\" content=\"Bolzano\" \/>\n<meta name=\"twitter:label1\" content=\"Verfasst von\" \/>\n\t<meta name=\"twitter:data1\" content=\"Bolzano\" \/>\n\t<meta name=\"twitter:label2\" content=\"Gesch\u00e4tzte Lesezeit\" \/>\n\t<meta name=\"twitter:data2\" content=\"3 Minuten\" \/>\n<script type=\"application\/ld+json\" class=\"yoast-schema-graph\">{\"@context\":\"https:\/\/schema.org\",\"@graph\":[{\"@type\":\"Article\",\"@id\":\"https:\/\/caaf.it\/de\/2024\/02\/solidarieta-unambulanza-per-netteboulou-senegal\/#article\",\"isPartOf\":{\"@id\":\"https:\/\/caaf.it\/de\/2024\/02\/solidarieta-unambulanza-per-netteboulou-senegal\/\"},\"author\":{\"name\":\"Bolzano\",\"@id\":\"https:\/\/caaf.it\/#\/schema\/person\/0b98ae5bfb11070daaf92fce936c263d\"},\"headline\":\"Solidariet\u00e0: un&#8217;ambulanza per Netteboulou (Senegal)\",\"datePublished\":\"2024-02-22T12:32:33+00:00\",\"dateModified\":\"2024-02-22T12:42:40+00:00\",\"mainEntityOfPage\":{\"@id\":\"https:\/\/caaf.it\/de\/2024\/02\/solidarieta-unambulanza-per-netteboulou-senegal\/\"},\"wordCount\":500,\"publisher\":{\"@id\":\"https:\/\/caaf.it\/#organization\"},\"articleSection\":[\"Unkategorisiert\"],\"inLanguage\":\"de-DE\"},{\"@type\":\"WebPage\",\"@id\":\"https:\/\/caaf.it\/de\/2024\/02\/solidarieta-unambulanza-per-netteboulou-senegal\/\",\"url\":\"https:\/\/caaf.it\/de\/2024\/02\/solidarieta-unambulanza-per-netteboulou-senegal\/\",\"name\":\"Solidariet\u00e0: un'ambulanza per Netteboulou (Senegal) - CAAF Nordest\",\"isPartOf\":{\"@id\":\"https:\/\/caaf.it\/#website\"},\"datePublished\":\"2024-02-22T12:32:33+00:00\",\"dateModified\":\"2024-02-22T12:42:40+00:00\",\"breadcrumb\":{\"@id\":\"https:\/\/caaf.it\/de\/2024\/02\/solidarieta-unambulanza-per-netteboulou-senegal\/#breadcrumb\"},\"inLanguage\":\"de-DE\",\"potentialAction\":[{\"@type\":\"ReadAction\",\"target\":[\"https:\/\/caaf.it\/de\/2024\/02\/solidarieta-unambulanza-per-netteboulou-senegal\/\"]}]},{\"@type\":\"BreadcrumbList\",\"@id\":\"https:\/\/caaf.it\/de\/2024\/02\/solidarieta-unambulanza-per-netteboulou-senegal\/#breadcrumb\",\"itemListElement\":[{\"@type\":\"ListItem\",\"position\":1,\"name\":\"Home\",\"item\":\"https:\/\/caaf.it\/\"},{\"@type\":\"ListItem\",\"position\":2,\"name\":\"Solidariet\u00e0: un&#8217;ambulanza per Netteboulou (Senegal)\"}]},{\"@type\":\"WebSite\",\"@id\":\"https:\/\/caaf.it\/#website\",\"url\":\"https:\/\/caaf.it\/\",\"name\":\"CAAF Nordest\",\"description\":\"Servizi fiscali\",\"publisher\":{\"@id\":\"https:\/\/caaf.it\/#organization\"},\"potentialAction\":[{\"@type\":\"SearchAction\",\"target\":{\"@type\":\"EntryPoint\",\"urlTemplate\":\"https:\/\/caaf.it\/?s={search_term_string}\"},\"query-input\":\"required name=search_term_string\"}],\"inLanguage\":\"de-DE\"},{\"@type\":\"Organization\",\"@id\":\"https:\/\/caaf.it\/#organization\",\"name\":\"CAAF Nordest\",\"url\":\"https:\/\/caaf.it\/\",\"logo\":{\"@type\":\"ImageObject\",\"inLanguage\":\"de-DE\",\"@id\":\"https:\/\/caaf.it\/#\/schema\/logo\/image\/\",\"url\":\"https:\/\/caaf.it\/wp-content\/uploads\/2015\/02\/Logo-CGIL-CAAF-nordest.png\",\"contentUrl\":\"https:\/\/caaf.it\/wp-content\/uploads\/2015\/02\/Logo-CGIL-CAAF-nordest.png\",\"width\":396,\"height\":545,\"caption\":\"CAAF Nordest\"},\"image\":{\"@id\":\"https:\/\/caaf.it\/#\/schema\/logo\/image\/\"},\"sameAs\":[\"https:\/\/www.facebook.com\/caafcgilnordest\/\"]},{\"@type\":\"Person\",\"@id\":\"https:\/\/caaf.it\/#\/schema\/person\/0b98ae5bfb11070daaf92fce936c263d\",\"name\":\"Bolzano\",\"image\":{\"@type\":\"ImageObject\",\"inLanguage\":\"de-DE\",\"@id\":\"https:\/\/caaf.it\/#\/schema\/person\/image\/\",\"url\":\"https:\/\/secure.gravatar.com\/avatar\/37ea27f56060f32027c0fbf62439323f?s=96&d=mm&r=g\",\"contentUrl\":\"https:\/\/secure.gravatar.com\/avatar\/37ea27f56060f32027c0fbf62439323f?s=96&d=mm&r=g\",\"caption\":\"Bolzano\"}}]}<\/script>\n<!-- \/ Yoast SEO plugin. -->","yoast_head_json":{"title":"Solidariet\u00e0: un'ambulanza per Netteboulou (Senegal) - CAAF Nordest","robots":{"index":"index","follow":"follow","max-snippet":"max-snippet:-1","max-image-preview":"max-image-preview:large","max-video-preview":"max-video-preview:-1"},"canonical":"https:\/\/caaf.it\/de\/2024\/02\/solidarieta-unambulanza-per-netteboulou-senegal\/","og_locale":"de_DE","og_type":"article","og_title":"Solidariet\u00e0: un'ambulanza per Netteboulou (Senegal) - CAAF Nordest","og_description":"[vc_row][vc_column][vc_column_text]Il Caaf Cgil NordEst, con la societ\u00e0 di Bolzano, ha donato un\u2019ambulanza al Comune di Netteboulou in Senegal. L\u2019iniziativa rientra tra le attivit\u00e0 di solidariet\u00e0 in cui si impegna da anni il Caaf NordEst, assieme alle sue 10 societ\u00e0 del Veneto, del Friuli Venezia Giulia, del Trentino e dell\u2019Alto Adige. L\u2019iniziativa in Senegal \u00e8 stata [&hellip;]","og_url":"https:\/\/caaf.it\/de\/2024\/02\/solidarieta-unambulanza-per-netteboulou-senegal\/","og_site_name":"CAAF Nordest","article_publisher":"https:\/\/www.facebook.com\/caafcgilnordest\/","article_published_time":"2024-02-22T12:32:33+00:00","article_modified_time":"2024-02-22T12:42:40+00:00","og_image":[{"width":1080,"height":720,"url":"https:\/\/caaf.it\/wp-content\/uploads\/2024\/02\/PHOTO-2024-02-20-16-10-50.jpg","type":"image\/jpeg"}],"author":"Bolzano","twitter_misc":{"Verfasst von":"Bolzano","Gesch\u00e4tzte Lesezeit":"3 Minuten"},"schema":{"@context":"https:\/\/schema.org","@graph":[{"@type":"Article","@id":"https:\/\/caaf.it\/de\/2024\/02\/solidarieta-unambulanza-per-netteboulou-senegal\/#article","isPartOf":{"@id":"https:\/\/caaf.it\/de\/2024\/02\/solidarieta-unambulanza-per-netteboulou-senegal\/"},"author":{"name":"Bolzano","@id":"https:\/\/caaf.it\/#\/schema\/person\/0b98ae5bfb11070daaf92fce936c263d"},"headline":"Solidariet\u00e0: un&#8217;ambulanza per Netteboulou (Senegal)","datePublished":"2024-02-22T12:32:33+00:00","dateModified":"2024-02-22T12:42:40+00:00","mainEntityOfPage":{"@id":"https:\/\/caaf.it\/de\/2024\/02\/solidarieta-unambulanza-per-netteboulou-senegal\/"},"wordCount":500,"publisher":{"@id":"https:\/\/caaf.it\/#organization"},"articleSection":["Unkategorisiert"],"inLanguage":"de-DE"},{"@type":"WebPage","@id":"https:\/\/caaf.it\/de\/2024\/02\/solidarieta-unambulanza-per-netteboulou-senegal\/","url":"https:\/\/caaf.it\/de\/2024\/02\/solidarieta-unambulanza-per-netteboulou-senegal\/","name":"Solidariet\u00e0: un'ambulanza per Netteboulou (Senegal) - CAAF Nordest","isPartOf":{"@id":"https:\/\/caaf.it\/#website"},"datePublished":"2024-02-22T12:32:33+00:00","dateModified":"2024-02-22T12:42:40+00:00","breadcrumb":{"@id":"https:\/\/caaf.it\/de\/2024\/02\/solidarieta-unambulanza-per-netteboulou-senegal\/#breadcrumb"},"inLanguage":"de-DE","potentialAction":[{"@type":"ReadAction","target":["https:\/\/caaf.it\/de\/2024\/02\/solidarieta-unambulanza-per-netteboulou-senegal\/"]}]},{"@type":"BreadcrumbList","@id":"https:\/\/caaf.it\/de\/2024\/02\/solidarieta-unambulanza-per-netteboulou-senegal\/#breadcrumb","itemListElement":[{"@type":"ListItem","position":1,"name":"Home","item":"https:\/\/caaf.it\/"},{"@type":"ListItem","position":2,"name":"Solidariet\u00e0: un&#8217;ambulanza per Netteboulou (Senegal)"}]},{"@type":"WebSite","@id":"https:\/\/caaf.it\/#website","url":"https:\/\/caaf.it\/","name":"CAAF Nordest","description":"Servizi fiscali","publisher":{"@id":"https:\/\/caaf.it\/#organization"},"potentialAction":[{"@type":"SearchAction","target":{"@type":"EntryPoint","urlTemplate":"https:\/\/caaf.it\/?s={search_term_string}"},"query-input":"required name=search_term_string"}],"inLanguage":"de-DE"},{"@type":"Organization","@id":"https:\/\/caaf.it\/#organization","name":"CAAF Nordest","url":"https:\/\/caaf.it\/","logo":{"@type":"ImageObject","inLanguage":"de-DE","@id":"https:\/\/caaf.it\/#\/schema\/logo\/image\/","url":"https:\/\/caaf.it\/wp-content\/uploads\/2015\/02\/Logo-CGIL-CAAF-nordest.png","contentUrl":"https:\/\/caaf.it\/wp-content\/uploads\/2015\/02\/Logo-CGIL-CAAF-nordest.png","width":396,"height":545,"caption":"CAAF Nordest"},"image":{"@id":"https:\/\/caaf.it\/#\/schema\/logo\/image\/"},"sameAs":["https:\/\/www.facebook.com\/caafcgilnordest\/"]},{"@type":"Person","@id":"https:\/\/caaf.it\/#\/schema\/person\/0b98ae5bfb11070daaf92fce936c263d","name":"Bolzano","image":{"@type":"ImageObject","inLanguage":"de-DE","@id":"https:\/\/caaf.it\/#\/schema\/person\/image\/","url":"https:\/\/secure.gravatar.com\/avatar\/37ea27f56060f32027c0fbf62439323f?s=96&d=mm&r=g","contentUrl":"https:\/\/secure.gravatar.com\/avatar\/37ea27f56060f32027c0fbf62439323f?s=96&d=mm&r=g","caption":"Bolzano"}}]}},"_links":{"self":[{"href":"https:\/\/caaf.it\/de\/wp-json\/wp\/v2\/posts\/15719"}],"collection":[{"href":"https:\/\/caaf.it\/de\/wp-json\/wp\/v2\/posts"}],"about":[{"href":"https:\/\/caaf.it\/de\/wp-json\/wp\/v2\/types\/post"}],"author":[{"embeddable":true,"href":"https:\/\/caaf.it\/de\/wp-json\/wp\/v2\/users\/16"}],"replies":[{"embeddable":true,"href":"https:\/\/caaf.it\/de\/wp-json\/wp\/v2\/comments?post=15719"}],"version-history":[{"count":3,"href":"https:\/\/caaf.it\/de\/wp-json\/wp\/v2\/posts\/15719\/revisions"}],"predecessor-version":[{"id":15721,"href":"https:\/\/caaf.it\/de\/wp-json\/wp\/v2\/posts\/15719\/revisions\/15721"}],"wp:featuredmedia":[{"embeddable":true,"href":"https:\/\/caaf.it\/de\/wp-json\/wp\/v2\/media\/15723"}],"wp:attachment":[{"href":"https:\/\/caaf.it\/de\/wp-json\/wp\/v2\/media?parent=15719"}],"wp:term":[{"taxonomy":"category","embeddable":true,"href":"https:\/\/caaf.it\/de\/wp-json\/wp\/v2\/categories?post=15719"},{"taxonomy":"post_tag","embeddable":true,"href":"https:\/\/caaf.it\/de\/wp-json\/wp\/v2\/tags?post=15719"}],"curies":[{"name":"wp","href":"https:\/\/api.w.org\/{rel}","templated":true}]}}